[{"command":"add_js","selector":"body","data":[{"src":"\/sites\/default\/files\/js\/js_i2b_-rYRv6_kY1Gw0nerpe65nD_5aGYZbO0kG-KyZhA.js?scope=footer\u0026delta=0\u0026language=fr\u0026theme=fvtv3\u0026include=eJxLTcksyddPBZF6aYmFAC5eBcA\u0026exclude=eJxNi0sKxTAIAC9k6-IdKJjGBsHEEn2F3L6fVTcDwzBcJAz54eoqhQfsZ5w_rGqZdPGYKr2Cmh2CL9eNRjA0Ch5CmmSz7uizZVNPyf5xH1xg1KOkp3EP_Ar49OCGmZwvht8yNw"}]},{"command":"insert","method":"append","selector":"body","data":"\u003Cdiv\u003E\n  \u003Cdiv class=\u0022modal\u0022 data-id=\u0022modal-faq\u0022 data-open=\u0022true\u0022 data-remove=\u0022true\u0022\u003E\n    \u003Cdiv class=\u0022modal-head d-flex\u0022\u003E\n      \u003Ch3\u003E Fonctionnement de notre calculateur\u003C\/h3\u003E\n      \u003Ca href=\u0022#\u0022 class=\u0022close alignright inherit\u0022 data-icon=\u0022close\u0022\u003E\u003C\/a\u003E\n    \u003C\/div\u003E\n    \u003Cdiv class=\u0022content-modal\u0022\u003E\n              \u003Cdiv class=\u0022questions\u0022\u003E\n  \n\u003Cdiv class=\u0022term-faq\u0022\u003E\n  \n  \u003Ch4\u003E\ud83d\udd0d Trouvez le meilleur trac\u00e9 en quelques clics\u003C\/h4\u003E\n  \n        \u003Cdiv class=\u0022description\u0022\u003E\u003Cp\u003EPour d\u00e9finir votre point de d\u00e9part et votre arriv\u00e9e, deux solutions s\u0027offrent \u00e0 vous :\u003C\/p\u003E\u003Col\u003E\u003Cli data-list-item-id=\u0022ea8e86a9c48ea246f977fd0dea00ef1f8\u0022\u003E\u003Cstrong\u003ESaisie rapide : \u003C\/strong\u003Erenseignez vos adresses directement dans le champ de recherche.\u003Cbr\u003EOU\u003C\/li\u003E\u003Cli data-list-item-id=\u0022e88996d9e71b8369f38671420854a10fe\u0022\u003E\u003Cstrong\u003EDepuis la carte :\u003C\/strong\u003E cliquez sur un point gris (\u00e9tape France V\u00e9lo Tourisme) ou double-cliquez n\u0027importe o\u00f9 sur la carte.\u003C\/li\u003E\u003C\/ol\u003E\u003Cimg src=\u0022\/sites\/default\/files\/medias\/images\/calcul-itineraire-velo-france-trajet.png\u0022 width=\u00221525\u0022 height=\u0022822\u0022 alt loading=\u0022lazy\u0022\u003E\n\u003C\/div\u003E\n  \n\u003C\/div\u003E\n\n\u003Cdiv class=\u0022term-faq\u0022\u003E\n  \n  \u003Ch4\u003E\ud83d\udeb2 Choisissez le parcours qui vous ressemble\u003C\/h4\u003E\n  \n        \u003Cdiv class=\u0022description\u0022\u003E\u003Cp\u003EUne fois votre trajet d\u00e9fini, nous vous sugg\u00e9rons \u003Cstrong\u003Eun ou deux parcours \u003C\/strong\u003Equi privil\u00e9gient nos plus beaux \u003Cstrong\u003Eitin\u00e9raires cyclables, s\u00e9curis\u00e9s et d\u0027int\u00e9r\u00eat touristique.\u003C\/strong\u003E\u003C\/p\u003E\u003Cul\u003E\u003Cli data-list-item-id=\u0022eaf4187d3e8a4c89ecd84e45eb842b6b0\u0022\u003E\u003Cstrong\u003ELe parcours recommand\u00e9\u003C\/strong\u003E\u0026nbsp;\u003C\/li\u003E\u003Cli data-list-item-id=\u0022eaa4edf1b5d255641c04a39d8bfb231d5\u0022\u003E\u003Cstrong\u003ELe parcours alternatif\u003C\/strong\u003E (si pertinent)\u003C\/li\u003E\u003C\/ul\u003E\u003Cp\u003EConsultez l\u0027onglet \u0022D\u00e9tail\u0022 pour afficher toutes les caract\u00e9ristiques techniques.\u003C\/p\u003E\u003Cp\u003EVous pouvez aussi ajouter un ou plusieurs \u0022\u00e9tapes\u0022 afin d\u0027ajuster le parcours selon vos envies (dans le champ de recherche).\u003C\/p\u003E\u003Cimg src=\u0022\/sites\/default\/files\/medias\/images\/calcul-itineraire-velo-france-propositions.png\u0022 width=\u00221652\u0022 height=\u0022812\u0022 alt loading=\u0022lazy\u0022\u003E\n\u003C\/div\u003E\n  \n\u003C\/div\u003E\n\n\u003Cdiv class=\u0022term-faq\u0022\u003E\n  \n  \u003Ch4\u003E\u23f1\ufe0f Planifiez les \u00e9tapes de voyage\u003C\/h4\u003E\n  \n        \u003Cdiv class=\u0022description\u0022\u003E\u003Cp\u003ENous vous aidons \u00e0 \u003Cstrong\u003Ecalibrer votre voyage\u003C\/strong\u003E en nombre d\u0027\u00e9tapes \u00e0 effectuer :\u003C\/p\u003E\u003Cul\u003E\u003Cli data-list-item-id=\u0022e8e6720243c58ef626f5e7eb8e13a0f2c\u0022\u003EDans l\u0027onglet \u0022D\u00e9tail\u0022, d\u00e9coupez l\u2019itin\u00e9raire en \u00e9tapes en ajustant un kilom\u00e9trage quotidien \u00e0 l\u0027aide des symboles + et -.\u003C\/li\u003E\u003Cli data-list-item-id=\u0022edc64280267bdfd0e75328c04ea5525ee\u0022\u003ECliquez sur \u0022Planifier\u0022, la carte s\u0027actualise instantan\u00e9ment avec votre nouveau d\u00e9coupage.\u0026nbsp;\u003C\/li\u003E\u003Cli data-list-item-id=\u0022e9fe5194aadc97b4b74b6eb9b74ce2b3c\u0022\u003EVous pouvez ajuster le km\/jour en ajoutant ou diminuant le nombre d\u0027\u00e9tapes\u003C\/li\u003E\u003C\/ul\u003E\u003Cimg src=\u0022\/sites\/default\/files\/medias\/images\/calcul-itineraire-velo-france-planifier.png\u0022 width=\u00221673\u0022 height=\u0022766\u0022 alt loading=\u0022lazy\u0022\u003E\n\u003C\/div\u003E\n  \n\u003C\/div\u003E\n\n\u003Cdiv class=\u0022term-faq\u0022\u003E\n  \n  \u003Ch4\u003E\u26fa Personnalisez votre aventure\u003C\/h4\u003E\n  \n        \u003Cdiv class=\u0022description\u0022\u003E\u003Cp\u003EVous pouvez afficher les services labellis\u00e9s Accueil V\u00e9lo directement sur la carte et les int\u00e9grer \u00e0 votre trajet d\u0027un simple clic sur \u0022Ajouter \u00e0 l\u0027\u00e9tape\u0022.\u0026nbsp;\u003C\/p\u003E\u003Cp\u003ELe calculateur recalcule automatiquement votre parcours inclure l\u0027\u00e9tablissement \u00e0 votre trajet.\u003C\/p\u003E\u003Cimg src=\u0022\/sites\/default\/files\/medias\/images\/calcul-itineraire-velo-france-trajet-hebergements.png\u0022 width=\u00221607\u0022 height=\u0022760\u0022 alt loading=\u0022lazy\u0022\u003E\n\u003C\/div\u003E\n  \n\u003C\/div\u003E\n\n\u003Cdiv class=\u0022term-faq\u0022\u003E\n  \n  \u003Ch4\u003E\ud83d\udcbe T\u00e9l\u00e9chargez \/Enregistrez votre parcours\u003C\/h4\u003E\n  \n        \u003Cdiv class=\u0022description\u0022\u003E\u003Cp\u003E\u00c0 tout moment vous pouvez t\u00e9l\u00e9charger le fichier .GPX du parcours.\u003C\/p\u003E\u003Cp\u003E\u003Cstrong\u003EEn mai 2026, \u003C\/strong\u003Evous pourrez enregistrer votre trajet dans votre Carnet de Voyage pour le modifier plus tard.\u0026nbsp;\u003Cbr\u003ERendez-vous en mai pour d\u00e9couvrir ce nouveau service !\u003C\/p\u003E\u003Cimg src=\u0022https:\/\/fvt.moustic-multimedia.fr\/sites\/default\/files\/medias\/images\/calcul-itineraire-velo-france-trajet-hebergements.png\u0022 width=\u00221607\u0022 height=\u0022760\u0022 alt loading=\u0022lazy\u0022\u003E\n\u003C\/div\u003E\n  \n\u003C\/div\u003E\n\n\u003C\/div\u003E\n\n          \u003C\/div\u003E\n  \u003C\/div\u003E\n\u003C\/div\u003E\n","settings":null}]