[{"command":"settings","settings":{"pluralDelimiter":"\u0003","suppressDeprecationErrors":true,"user":{"uid":0,"permissionsHash":"bfb7e046d55d57437d0f8de94c3645e384997151c58d582af626a2b85c567bef"}},"merge":true},{"command":"add_js","selector":"body","data":[{"src":"\/core\/assets\/vendor\/jquery\/jquery.min.js?v=4.0.0"},{"src":"\/sites\/default\/files\/js\/js_nn_3dIt0wNWiVq08enQ_F46uSjQzNdQU1t37u8OBwpA.js?scope=footer\u0026delta=1\u0026language=fr\u0026theme=fvtv3\u0026include=eJxLzs_NTc0r0U8pKi1IzNFLhnB1kyp1yzJTy1OLANAjDJM"}]},{"command":"insert","method":"append","selector":"body","data":"\u003Cdiv\u003E\n  \u003Cdiv class=\u0022modal\u0022 data-id=\u0022list-avis\u0022 data-open=\u0022true\u0022 data-remove=\u0022true\u0022\u003E\n    \u003Cdiv class=\u0022modal-head d-flex\u0022\u003E\n      \u003Ch3\u003E L\u2019avis des voyageurs\u003C\/h3\u003E\n      \u003Ca href=\u0022#\u0022 class=\u0022close alignright inherit\u0022 data-icon=\u0022close\u0022\u003E\u003C\/a\u003E\n    \u003C\/div\u003E\n    \u003Cdiv class=\u0022content-modal\u0022\u003E\n              \u003Cdiv class=\u0022list-avis\u0022\u003E\n  \u003Cdiv class=\u0022moyenne-avis notes\u0022\u003E\n  \u003Cdiv class=\u0022note\u0022\u003E\n    \u003Cdiv class=\u0022note-moyenne\u0022 data-icon=\u0022star\u0022\u003E4.4\/5\u003C\/div\u003E\n      \u003C\/div\u003E\n  \u003Cdiv class=\u0022notes-detail\u0022\u003E\n    \u003Cdiv class=\u0022note-item\u0022\u003E\n      \u003Cspan\u003E\u003Cstrong\u003E5\u003C\/strong\u003E\/5\u003C\/span\u003E\n      \u003Cdiv\u003ES\u00e9curit\u00e9\u003C\/div\u003E\n    \u003C\/div\u003E\n    \u003Cdiv class=\u0022note-item\u0022\u003E\n      \u003Cspan\u003E\u003Cstrong\u003E4.3\u003C\/strong\u003E\/5\u003C\/span\u003E\n      \u003Cdiv\u003EInt\u00e9r\u00eat\u003C\/div\u003E\n    \u003C\/div\u003E\n    \u003Cdiv class=\u0022note-item\u0022\u003E\n      \u003Cspan\u003E\u003Cstrong\u003E4\u003C\/strong\u003E\/5\u003C\/span\u003E\n      \u003Cdiv\u003EServices\u003C\/div\u003E\n    \u003C\/div\u003E\n    \u003Cdiv class=\u0022note-item\u0022\u003E\n      \u003Cspan\u003E\u003Cstrong\u003E4.3\u003C\/strong\u003E\/5\u003C\/span\u003E\n      \u003Cdiv\u003EBalisage\u003C\/div\u003E\n    \u003C\/div\u003E\n  \u003C\/div\u003E\n\u003C\/div\u003E\n\n\n\n  \u003Ca href=\u0022\/avis\/add\/etape\/598\u0022 class=\u0022bouton use-ajax bouton-modal\u0022 data-id=\u0022list-avis\u0022\u003ED\u00e9poser un avis\u003C\/a\u003E\n  \u003Cdiv class=\u0022order-wrapper\u0022\u003E\n    \u003Cdiv class=\u0022count\u0022\u003E3 avis\u003C\/div\u003E\n    \u003Cdiv class=\u0022order\u0022\u003E\n      \u003Cselect name=\u0022order\u0022 id=\u0022order-avis\u0022\u003E\n        \u003Coption value=\u0022date\u0022 selected\u003ELes plus r\u00e9cents\u003C\/option\u003E\n        \u003Coption value=\u0022noteasc\u0022\u003ELes mieux not\u00e9s\u003C\/option\u003E\n        \u003Coption value=\u0022notedesc\u0022\u003ELes moins bien not\u00e9s\u003C\/option\u003E\n      \u003C\/select\u003E\n    \u003C\/div\u003E\n  \u003C\/div\u003E\n  \u003Cdiv id=\u0022avis-list-warraper\u0022\u003E\n    \u003Cdiv data-comment-user-id=\u002228878\u0022 id=\u0022comment-1240\u0022 data-note=\u00224.8\u0022 data-created=\u00221753377629\u0022 class=\u0022comment teaser\u0022\u003E\n  \u003Ch3\u003EUn peu redondant\u003C\/h3\u003E\n\n  \u003Cdiv class=\u0022notes\u0022\u003E\n    \u003Cdiv class=\u0022note\u0022\u003E\n      \u003Cdiv class=\u0022note-moyenne\u0022 data-icon=\u0022star\u0022\u003E4.8\/5\u003C\/div\u003E\n      \u003Cdiv class=\u0022username\u0022\u003EMaxime \u00b7 \u003Cspan\u003Ejuillet 2025\u003C\/span\u003E\u003C\/div\u003E\n    \u003C\/div\u003E\n    \u003Cdiv class=\u0022notes-detail\u0022\u003E\n      \u003Cdiv class=\u0022note-item\u0022\u003E\n      \u003Cspan\u003E\u003Cstrong\u003E5\u003C\/strong\u003E\/5\u003C\/span\u003E\n    \u003Cdiv\u003ES\u00e9curit\u00e9\u003C\/div\u003E\n  \u003C\/div\u003E\n\n      \u003Cdiv class=\u0022note-item\u0022\u003E\n      \u003Cspan\u003E\u003Cstrong\u003E5\u003C\/strong\u003E\/5\u003C\/span\u003E\n    \u003Cdiv\u003EInt\u00e9r\u00eat\u003C\/div\u003E\n  \u003C\/div\u003E\n\n      \u003Cdiv class=\u0022note-item\u0022\u003E\n      \u003Cspan\u003E\u003Cstrong\u003E4\u003C\/strong\u003E\/5\u003C\/span\u003E\n    \u003Cdiv\u003EServices\u003C\/div\u003E\n  \u003C\/div\u003E\n\n      \u003Cdiv class=\u0022note-item\u0022\u003E\n      \u003Cspan\u003E\u003Cstrong\u003E5\u003C\/strong\u003E\/5\u003C\/span\u003E\n    \u003Cdiv\u003EBalisage\u003C\/div\u003E\n  \u003C\/div\u003E\n\n    \u003C\/div\u003E\n  \u003C\/div\u003E\n  \u003Cdiv class=\u0022tags\u0022\u003E\n    \u003Cdiv class=\u0022tag\u0022\u003EMailly-le-Ch\u00e2teau \/ Auxerre\u003C\/div\u003E\n  \u003C\/div\u003E\n  \u003Cdiv class=\u0022comment-body\u0022\u003E\n        \u003Cdiv class=\u0022comment_body\u0022\u003E\n    \u003Cdiv\u003E\n      \u003Cp\u003EParcours plut\u00f4t agr\u00e9able sans arr\u00eat majeur \u00e0 l\u0026#039;exception biensur d\u0026#039;Auxerre qui vaut le detour\u003C\/p\u003E\n\n    \u003C\/div\u003E\n      \u003C\/div\u003E\n\n  \u003C\/div\u003E\n\u003C\/div\u003E\n\u003Cdiv data-comment-user-id=\u00222111\u0022 id=\u0022comment-112\u0022 data-note=\u00224\u0022 data-created=\u00221601311863\u0022 class=\u0022comment teaser\u0022\u003E\n  \u003Ch3\u003EPremi\u00e8re \u00e9tape : Migennes - Accolay : 49 km le 4 septembre 2020\u003C\/h3\u003E\n\n  \u003Cdiv class=\u0022notes\u0022\u003E\n    \u003Cdiv class=\u0022note\u0022\u003E\n      \u003Cdiv class=\u0022note-moyenne\u0022 data-icon=\u0022star\u0022\u003E4\/5\u003C\/div\u003E\n      \u003Cdiv class=\u0022username\u0022\u003EAlain \u00b7 \u003Cspan\u003Eseptembre 2020\u003C\/span\u003E\u003C\/div\u003E\n    \u003C\/div\u003E\n    \u003Cdiv class=\u0022notes-detail\u0022\u003E\n      \u003Cdiv class=\u0022note-item\u0022\u003E\n      \u003Cspan\u003E\u003Cstrong\u003E5\u003C\/strong\u003E\/5\u003C\/span\u003E\n    \u003Cdiv\u003ES\u00e9curit\u00e9\u003C\/div\u003E\n  \u003C\/div\u003E\n\n      \u003Cdiv class=\u0022note-item\u0022\u003E\n      \u003Cspan\u003E\u003Cstrong\u003E4\u003C\/strong\u003E\/5\u003C\/span\u003E\n    \u003Cdiv\u003EInt\u00e9r\u00eat\u003C\/div\u003E\n  \u003C\/div\u003E\n\n      \u003Cdiv class=\u0022note-item\u0022\u003E\n      \u003Cspan\u003E\u003Cstrong\u003E4\u003C\/strong\u003E\/5\u003C\/span\u003E\n    \u003Cdiv\u003EServices\u003C\/div\u003E\n  \u003C\/div\u003E\n\n      \u003Cdiv class=\u0022note-item\u0022\u003E\n      \u003Cspan\u003E\u003Cstrong\u003E3\u003C\/strong\u003E\/5\u003C\/span\u003E\n    \u003Cdiv\u003EBalisage\u003C\/div\u003E\n  \u003C\/div\u003E\n\n    \u003C\/div\u003E\n  \u003C\/div\u003E\n  \u003Cdiv class=\u0022tags\u0022\u003E\n    \u003Cdiv class=\u0022tag\u0022\u003EMailly-le-Ch\u00e2teau \/ Auxerre\u003C\/div\u003E\n  \u003C\/div\u003E\n  \u003Cdiv class=\u0022comment-body\u0022\u003E\n        \u003Cdiv class=\u0022comment_body tronque\u0022\u003E\n    \u003Cdiv\u003E\n      \u003Cp\u003ENous sommes arriv\u00e9s le 3 septembre \u00e0 la gare de Migennes. Celle-ci n\u0026#039;est pas adapt\u00e9e aux v\u00e9los charg\u00e9s (nombreux escaliers).\u003Cbr \/\u003E\nNous dormons au camping de Migennes. Accueil sympathique.\u003Cbr \/\u003E\nLe lendemain nous avons beaucoup de mal \u00e0 rejoindre le parcours qui est tr\u00e8s peu balis\u00e9 dans Migennes. Le balisage est aussi peu pr\u00e9sent jusqu\u0026#039;\u00e0 Auxerre.\u003Cbr \/\u003E\nLe soir nous campons \u00e0 Accolay (avant Mailly). Accueil sympathique, \u00e9picerie de d\u00e9pannage, snack et tables. Bien pratique pour les randonneurs \u00e0 v\u00e9lo.\u003C\/p\u003E\n\n    \u003C\/div\u003E\n          \u003Ca href=\u0022#\u0022 class=\u0022lire-avis\u0022\u003ELire l\u2019avis complet\u003C\/a\u003E\n      \u003C\/div\u003E\n\n  \u003C\/div\u003E\n\u003C\/div\u003E\n\u003Cdiv data-comment-user-id=\u00221880\u0022 id=\u0022comment-81\u0022 data-note=\u00224.5\u0022 data-created=\u00221598415604\u0022 class=\u0022comment teaser\u0022\u003E\n  \u003Ch3\u003EMajestuese Auxerre\u003C\/h3\u003E\n\n  \u003Cdiv class=\u0022notes\u0022\u003E\n    \u003Cdiv class=\u0022note\u0022\u003E\n      \u003Cdiv class=\u0022note-moyenne\u0022 data-icon=\u0022star\u0022\u003E4.5\/5\u003C\/div\u003E\n      \u003Cdiv class=\u0022username\u0022\u003ELeonardo \u00b7 \u003Cspan\u003Eao\u00fbt 2020\u003C\/span\u003E\u003C\/div\u003E\n    \u003C\/div\u003E\n    \u003Cdiv class=\u0022notes-detail\u0022\u003E\n      \u003Cdiv class=\u0022note-item\u0022\u003E\n      \u003Cspan\u003E\u003Cstrong\u003E5\u003C\/strong\u003E\/5\u003C\/span\u003E\n    \u003Cdiv\u003ES\u00e9curit\u00e9\u003C\/div\u003E\n  \u003C\/div\u003E\n\n      \u003Cdiv class=\u0022note-item\u0022\u003E\n      \u003Cspan\u003E\u003Cstrong\u003E4\u003C\/strong\u003E\/5\u003C\/span\u003E\n    \u003Cdiv\u003EInt\u00e9r\u00eat\u003C\/div\u003E\n  \u003C\/div\u003E\n\n      \u003Cdiv class=\u0022note-item\u0022\u003E\n      \u003Cspan\u003E\u003Cstrong\u003E4\u003C\/strong\u003E\/5\u003C\/span\u003E\n    \u003Cdiv\u003EServices\u003C\/div\u003E\n  \u003C\/div\u003E\n\n      \u003Cdiv class=\u0022note-item\u0022\u003E\n      \u003Cspan\u003E\u003Cstrong\u003E5\u003C\/strong\u003E\/5\u003C\/span\u003E\n    \u003Cdiv\u003EBalisage\u003C\/div\u003E\n  \u003C\/div\u003E\n\n    \u003C\/div\u003E\n  \u003C\/div\u003E\n  \u003Cdiv class=\u0022tags\u0022\u003E\n    \u003Cdiv class=\u0022tag\u0022\u003EMailly-le-Ch\u00e2teau \/ Auxerre\u003C\/div\u003E\n  \u003C\/div\u003E\n  \u003Cdiv class=\u0022comment-body\u0022\u003E\n        \u003Cdiv class=\u0022comment_body tronque\u0022\u003E\n    \u003Cdiv\u003E\n      \u003Cp\u003EA visiter: La cath\u00e9drale de Saint-\u00c9tienne, qui rappelle la cath\u00e9drale Notre-Dame de Paris. Portails sculpt\u00e9s et les incroyables vitraux du ch\u0153ur et du transept. V\u00e9ritable mod\u00e8le d\u0026#039;\u00e9l\u00e9gance dans un style gothique des plus purs. La cath\u00e9drale est \u00e9rig\u00e9e sur une ancienne crypte et \u00e9glise romaine, qui pr\u00e9serve un riche tr\u00e9sor d\u0026#039;objets de culte pr\u00e9cieux et de manuscrits anciens qui m\u00e9ritent le d\u00e9tour et la visite.\u003Cbr \/\u003E\nUne autre attraction de la vieille ville est la Tour de l\u0026#039;Horloge, sur la place de l\u0026#039;h\u00f4tel de ville, construite autour du XVe si\u00e8cle. Initialement utilis\u00e9e comme prison, la tour a ensuite \u00e9t\u00e9 transform\u00e9e en horloge qui depuis la nuit du temps, indique non seulement l\u2019heure mais aussi les phases lunaires et solaires gr\u00e2ce aux deux aiguilles caract\u00e9ris\u00e9es par les symboles des deux astres. Malheureusement, la tour n\u0026#039;est plus accessible au public et ne peut qu\u2019\u00eatre admir\u00e9e depuis l\u0026#039;ext\u00e9rieur.\u003C\/p\u003E\n\n    \u003C\/div\u003E\n          \u003Ca href=\u0022#\u0022 class=\u0022lire-avis\u0022\u003ELire l\u2019avis complet\u003C\/a\u003E\n      \u003C\/div\u003E\n\n  \u003C\/div\u003E\n\u003C\/div\u003E\n\n  \u003C\/div\u003E\n\u003C\/div\u003E\n\n          \u003C\/div\u003E\n  \u003C\/div\u003E\n\u003C\/div\u003E\n","settings":null}]